{"id":1602,"date":"2020-02-01T21:49:16","date_gmt":"2020-02-01T20:49:16","guid":{"rendered":"https:\/\/e-spain.eu\/programa-culinario-de-verano-2020\/"},"modified":"2023-05-01T19:37:53","modified_gmt":"2023-05-01T17:37:53","slug":"programa-culinario-de-verano-2020","status":"publish","type":"post","link":"https:\/\/e-spain.eu\/es\/programa-culinario-de-verano-2020\/","title":{"rendered":"PROGRAMA CULINARIO DE VERANO 2020"},"content":{"rendered":"<h2>\u00bfEs estudiante de cocina o pasteler\u00eda?<\/h2>\n<h2>\u00bfTiene alg\u00fan plan para el verano?<\/h2>\n<h2>\u00a1Invierte en tu carrera!<\/h2>\n<p>&nbsp;<\/p>\n<p>Tras el \u00e9xito de las ediciones de 2017, 2018 y 2019, \u00a1nuestro programa de verano ya est\u00e1 listo!<\/p>\n<p>Una oportunidad \u00fanica para estudiantes, licenciados y profesionales que deseen realizar unas pr\u00e1cticas de 4, 6 u 8 semanas este verano. Con tres opciones: tapas, restaurantes, estrellas Michelin o pasteler\u00eda. Nuestro programa ofrece una experiencia completa que no puede perderse. Env\u00edenos un correo electr\u00f3nico y solicite el folleto en pdf <a href=\"mailto:info@e-spain.eu\">info@e-spain.eu<\/a><\/p>\n<p><b>No<\/b><strong>&nbsp;\u00a1pierda la oportunidad este verano, venga a Espa\u00f1a &nbsp;para unirse a nuestro PROGRAMA CULINARIO DE VERANO 2020!<\/strong><\/p>\n\n<p><\/p>\n","protected":false},"excerpt":{"rendered":"<p>Programa culinario de verano Espa\u00f1a 2020<\/p>\n","protected":false},"author":2,"featured_media":1519,"comment_status":"open","ping_status":"closed","sticky":false,"template":"","format":"video","meta":{"footnotes":""},"categories":[275,291,297,283,281,328,288],"tags":[327,324,322,319,325,323,320,321,286,326],"class_list":["post-1602","post","type-post","status-publish","format-video","has-post-thumbnail","hentry","category-castilla-y-leon","category-espana","category-gastronomia-viajes-culturales","category-practicas","category-programa-culinario-2","category-programa-culinario-de-verano-en-espana","category-programa-de-verano","tag-experiencia-culinaria-de-verano","tag-practicas-de-verano-es","tag-practicas-de-verano","tag-practicas-en-espana-es","tag-programa-culinario-de-verano-es","tag-programa-culinario-de-verano-2020","tag-programa-culinario-de-verano-en-espana","tag-programa-de-verano","tag-verano","tag-verano-culinario-en-espana","post_format-post-format-video"],"yoast_head":"<!-- This site is optimized with the Yoast SEO plugin v27.5 - https:\/\/yoast.com\/product\/yoast-seo-wordpress\/ -->\n<title>PROGRAMA CULINARIO DE VERANO 2020 - e-spain | Culinary and pastry internships in Spain, gastronomy tours to Spain and Portugal<\/title>\n<meta name=\"robots\" content=\"index, follow, max-snippet:-1, max-image-preview:large, max-video-preview:-1\" \/>\n<link rel=\"canonical\" href=\"https:\/\/e-spain.eu\/es\/programa-culinario-de-verano-2020\/\" \/>\n<meta property=\"og:locale\" content=\"es_ES\" \/>\n<meta property=\"og:type\" content=\"article\" \/>\n<meta property=\"og:title\" content=\"PROGRAMA CULINARIO DE VERANO 2020 - e-spain | Culinary and pastry internships in Spain, gastronomy tours to Spain and Portugal\" \/>\n<meta property=\"og:description\" content=\"Programa culinario de verano Espa\u00f1a 2020\" \/>\n<meta property=\"og:url\" content=\"https:\/\/e-spain.eu\/es\/programa-culinario-de-verano-2020\/\" \/>\n<meta property=\"og:site_name\" content=\"e-spain | Culinary and pastry internships in Spain, gastronomy tours to Spain and Portugal\" \/>\n<meta property=\"article:publisher\" content=\"https:\/\/www.facebook.com\/espaineducationenjoymentexcellence\" \/>\n<meta property=\"article:published_time\" content=\"2020-02-01T20:49:16+00:00\" \/>\n<meta property=\"article:modified_time\" content=\"2023-05-01T17:37:53+00:00\" \/>\n<meta property=\"og:image\" content=\"https:\/\/e-spain.eu\/wp-content\/uploads\/2020\/02\/SUMMER-PROGRAM-2020.jpeg\" \/>\n\t<meta property=\"og:image:width\" content=\"1280\" \/>\n\t<meta property=\"og:image:height\" content=\"720\" \/>\n\t<meta property=\"og:image:type\" content=\"image\/jpeg\" \/>\n<meta name=\"author\" content=\"Angel Moret\u00f3n\" \/>\n<meta name=\"twitter:card\" content=\"summary_large_image\" \/>\n<meta name=\"twitter:creator\" content=\"@SpainEnjoyment\" \/>\n<meta name=\"twitter:site\" content=\"@SpainEnjoyment\" \/>\n<meta name=\"twitter:label1\" content=\"Escrito por\" \/>\n\t<meta name=\"twitter:data1\" content=\"Angel Moret\u00f3n\" \/>\n\t<meta name=\"twitter:label2\" content=\"Tiempo de lectura\" \/>\n\t<meta name=\"twitter:data2\" content=\"1 minuto\" \/>\n<script type=\"application\/ld+json\" class=\"yoast-schema-graph\">{\"@context\":\"https:\\\/\\\/schema.org\",\"@graph\":[{\"@type\":\"Article\",\"@id\":\"https:\\\/\\\/e-spain.eu\\\/es\\\/programa-culinario-de-verano-2020\\\/#article\",\"isPartOf\":{\"@id\":\"https:\\\/\\\/e-spain.eu\\\/es\\\/programa-culinario-de-verano-2020\\\/\"},\"author\":{\"name\":\"Angel Moret\u00f3n\",\"@id\":\"https:\\\/\\\/e-spain.eu\\\/es\\\/#\\\/schema\\\/person\\\/830509289ca82f62dc9b6da5710231fb\"},\"headline\":\"PROGRAMA CULINARIO DE VERANO 2020\",\"datePublished\":\"2020-02-01T20:49:16+00:00\",\"dateModified\":\"2023-05-01T17:37:53+00:00\",\"mainEntityOfPage\":{\"@id\":\"https:\\\/\\\/e-spain.eu\\\/es\\\/programa-culinario-de-verano-2020\\\/\"},\"wordCount\":112,\"commentCount\":0,\"publisher\":{\"@id\":\"https:\\\/\\\/e-spain.eu\\\/es\\\/#organization\"},\"image\":{\"@id\":\"https:\\\/\\\/e-spain.eu\\\/es\\\/programa-culinario-de-verano-2020\\\/#primaryimage\"},\"thumbnailUrl\":\"https:\\\/\\\/e-spain.eu\\\/wp-content\\\/uploads\\\/2020\\\/02\\\/SUMMER-PROGRAM-2020.jpeg\",\"keywords\":[\"experiencia culinaria de verano\",\"pr\u00e1cticas de verano\",\"pr\u00e1cticas de verano\",\"pr\u00e1cticas en espa\u00f1a\",\"programa culinario de verano\",\"programa culinario de verano 2020\",\"programa culinario de verano en espa\u00f1a\",\"programa de verano\",\"verano\",\"verano culinario en espa\u00f1a\"],\"articleSection\":[\"Castilla y Le\u00f3n\",\"espa\u00f1a\",\"gastronom\u00eda viajes culturales\",\"pr\u00e1cticas\",\"Programa culinario\",\"PROGRAMA CULINARIO DE VERANO EN ESPA\u00d1A\",\"Programa de verano\"],\"inLanguage\":\"es\",\"potentialAction\":[{\"@type\":\"CommentAction\",\"name\":\"Comment\",\"target\":[\"https:\\\/\\\/e-spain.eu\\\/es\\\/programa-culinario-de-verano-2020\\\/#respond\"]}]},{\"@type\":\"WebPage\",\"@id\":\"https:\\\/\\\/e-spain.eu\\\/es\\\/programa-culinario-de-verano-2020\\\/\",\"url\":\"https:\\\/\\\/e-spain.eu\\\/es\\\/programa-culinario-de-verano-2020\\\/\",\"name\":\"PROGRAMA CULINARIO DE VERANO 2020 - e-spain | Culinary and pastry internships in Spain, gastronomy tours to Spain and Portugal\",\"isPartOf\":{\"@id\":\"https:\\\/\\\/e-spain.eu\\\/es\\\/#website\"},\"primaryImageOfPage\":{\"@id\":\"https:\\\/\\\/e-spain.eu\\\/es\\\/programa-culinario-de-verano-2020\\\/#primaryimage\"},\"image\":{\"@id\":\"https:\\\/\\\/e-spain.eu\\\/es\\\/programa-culinario-de-verano-2020\\\/#primaryimage\"},\"thumbnailUrl\":\"https:\\\/\\\/e-spain.eu\\\/wp-content\\\/uploads\\\/2020\\\/02\\\/SUMMER-PROGRAM-2020.jpeg\",\"datePublished\":\"2020-02-01T20:49:16+00:00\",\"dateModified\":\"2023-05-01T17:37:53+00:00\",\"breadcrumb\":{\"@id\":\"https:\\\/\\\/e-spain.eu\\\/es\\\/programa-culinario-de-verano-2020\\\/#breadcrumb\"},\"inLanguage\":\"es\",\"potentialAction\":[{\"@type\":\"ReadAction\",\"target\":[\"https:\\\/\\\/e-spain.eu\\\/es\\\/programa-culinario-de-verano-2020\\\/\"]}]},{\"@type\":\"ImageObject\",\"inLanguage\":\"es\",\"@id\":\"https:\\\/\\\/e-spain.eu\\\/es\\\/programa-culinario-de-verano-2020\\\/#primaryimage\",\"url\":\"https:\\\/\\\/e-spain.eu\\\/wp-content\\\/uploads\\\/2020\\\/02\\\/SUMMER-PROGRAM-2020.jpeg\",\"contentUrl\":\"https:\\\/\\\/e-spain.eu\\\/wp-content\\\/uploads\\\/2020\\\/02\\\/SUMMER-PROGRAM-2020.jpeg\",\"width\":1280,\"height\":720,\"caption\":\"summer-internship-spain\"},{\"@type\":\"BreadcrumbList\",\"@id\":\"https:\\\/\\\/e-spain.eu\\\/es\\\/programa-culinario-de-verano-2020\\\/#breadcrumb\",\"itemListElement\":[{\"@type\":\"ListItem\",\"position\":1,\"name\":\"Home\",\"item\":\"https:\\\/\\\/e-spain.eu\\\/es\\\/inicio\\\/\"},{\"@type\":\"ListItem\",\"position\":2,\"name\":\"PROGRAMA CULINARIO DE VERANO 2020\"}]},{\"@type\":\"WebSite\",\"@id\":\"https:\\\/\\\/e-spain.eu\\\/es\\\/#website\",\"url\":\"https:\\\/\\\/e-spain.eu\\\/es\\\/\",\"name\":\"e-Spain | Culinary and pastry internships in Spain, gastronomy tours to Spain and Portugal\",\"description\":\"Culinary and pastry internships in Spain, gastronomy tours to Spain and Portugal\",\"publisher\":{\"@id\":\"https:\\\/\\\/e-spain.eu\\\/es\\\/#organization\"},\"potentialAction\":[{\"@type\":\"SearchAction\",\"target\":{\"@type\":\"EntryPoint\",\"urlTemplate\":\"https:\\\/\\\/e-spain.eu\\\/es\\\/?s={search_term_string}\"},\"query-input\":{\"@type\":\"PropertyValueSpecification\",\"valueRequired\":true,\"valueName\":\"search_term_string\"}}],\"inLanguage\":\"es\"},{\"@type\":\"Organization\",\"@id\":\"https:\\\/\\\/e-spain.eu\\\/es\\\/#organization\",\"name\":\"e-Spain\",\"url\":\"https:\\\/\\\/e-spain.eu\\\/es\\\/\",\"logo\":{\"@type\":\"ImageObject\",\"inLanguage\":\"es\",\"@id\":\"https:\\\/\\\/e-spain.eu\\\/es\\\/#\\\/schema\\\/logo\\\/image\\\/\",\"url\":\"https:\\\/\\\/e-spain.eu\\\/wp-content\\\/uploads\\\/2017\\\/04\\\/e-spain_logo2x.png\",\"contentUrl\":\"https:\\\/\\\/e-spain.eu\\\/wp-content\\\/uploads\\\/2017\\\/04\\\/e-spain_logo2x.png\",\"width\":400,\"height\":260,\"caption\":\"e-Spain\"},\"image\":{\"@id\":\"https:\\\/\\\/e-spain.eu\\\/es\\\/#\\\/schema\\\/logo\\\/image\\\/\"},\"sameAs\":[\"https:\\\/\\\/www.facebook.com\\\/espaineducationenjoymentexcellence\",\"https:\\\/\\\/x.com\\\/SpainEnjoyment\"]},{\"@type\":\"Person\",\"@id\":\"https:\\\/\\\/e-spain.eu\\\/es\\\/#\\\/schema\\\/person\\\/830509289ca82f62dc9b6da5710231fb\",\"name\":\"Angel Moret\u00f3n\",\"image\":{\"@type\":\"ImageObject\",\"inLanguage\":\"es\",\"@id\":\"https:\\\/\\\/secure.gravatar.com\\\/avatar\\\/9c0d84b9b46517f5daf62a6328b95c1a74e6c50eaf232cff65234bbec75310c5?s=96&d=mm&r=g\",\"url\":\"https:\\\/\\\/secure.gravatar.com\\\/avatar\\\/9c0d84b9b46517f5daf62a6328b95c1a74e6c50eaf232cff65234bbec75310c5?s=96&d=mm&r=g\",\"contentUrl\":\"https:\\\/\\\/secure.gravatar.com\\\/avatar\\\/9c0d84b9b46517f5daf62a6328b95c1a74e6c50eaf232cff65234bbec75310c5?s=96&d=mm&r=g\",\"caption\":\"Angel Moret\u00f3n\"},\"sameAs\":[\"https:\\\/\\\/e-spain.eu\"],\"url\":\"https:\\\/\\\/e-spain.eu\\\/es\\\/author\\\/editor-espain\\\/\"}]}<\/script>\n<!-- \/ Yoast SEO plugin. -->","yoast_head_json":{"title":"PROGRAMA CULINARIO DE VERANO 2020 - e-spain | Culinary and pastry internships in Spain, gastronomy tours to Spain and Portugal","robots":{"index":"index","follow":"follow","max-snippet":"max-snippet:-1","max-image-preview":"max-image-preview:large","max-video-preview":"max-video-preview:-1"},"canonical":"https:\/\/e-spain.eu\/es\/programa-culinario-de-verano-2020\/","og_locale":"es_ES","og_type":"article","og_title":"PROGRAMA CULINARIO DE VERANO 2020 - e-spain | Culinary and pastry internships in Spain, gastronomy tours to Spain and Portugal","og_description":"Programa culinario de verano Espa\u00f1a 2020","og_url":"https:\/\/e-spain.eu\/es\/programa-culinario-de-verano-2020\/","og_site_name":"e-spain | Culinary and pastry internships in Spain, gastronomy tours to Spain and Portugal","article_publisher":"https:\/\/www.facebook.com\/espaineducationenjoymentexcellence","article_published_time":"2020-02-01T20:49:16+00:00","article_modified_time":"2023-05-01T17:37:53+00:00","og_image":[{"width":1280,"height":720,"url":"https:\/\/e-spain.eu\/wp-content\/uploads\/2020\/02\/SUMMER-PROGRAM-2020.jpeg","type":"image\/jpeg"}],"author":"Angel Moret\u00f3n","twitter_card":"summary_large_image","twitter_creator":"@SpainEnjoyment","twitter_site":"@SpainEnjoyment","twitter_misc":{"Escrito por":"Angel Moret\u00f3n","Tiempo de lectura":"1 minuto"},"schema":{"@context":"https:\/\/schema.org","@graph":[{"@type":"Article","@id":"https:\/\/e-spain.eu\/es\/programa-culinario-de-verano-2020\/#article","isPartOf":{"@id":"https:\/\/e-spain.eu\/es\/programa-culinario-de-verano-2020\/"},"author":{"name":"Angel Moret\u00f3n","@id":"https:\/\/e-spain.eu\/es\/#\/schema\/person\/830509289ca82f62dc9b6da5710231fb"},"headline":"PROGRAMA CULINARIO DE VERANO 2020","datePublished":"2020-02-01T20:49:16+00:00","dateModified":"2023-05-01T17:37:53+00:00","mainEntityOfPage":{"@id":"https:\/\/e-spain.eu\/es\/programa-culinario-de-verano-2020\/"},"wordCount":112,"commentCount":0,"publisher":{"@id":"https:\/\/e-spain.eu\/es\/#organization"},"image":{"@id":"https:\/\/e-spain.eu\/es\/programa-culinario-de-verano-2020\/#primaryimage"},"thumbnailUrl":"https:\/\/e-spain.eu\/wp-content\/uploads\/2020\/02\/SUMMER-PROGRAM-2020.jpeg","keywords":["experiencia culinaria de verano","pr\u00e1cticas de verano","pr\u00e1cticas de verano","pr\u00e1cticas en espa\u00f1a","programa culinario de verano","programa culinario de verano 2020","programa culinario de verano en espa\u00f1a","programa de verano","verano","verano culinario en espa\u00f1a"],"articleSection":["Castilla y Le\u00f3n","espa\u00f1a","gastronom\u00eda viajes culturales","pr\u00e1cticas","Programa culinario","PROGRAMA CULINARIO DE VERANO EN ESPA\u00d1A","Programa de verano"],"inLanguage":"es","potentialAction":[{"@type":"CommentAction","name":"Comment","target":["https:\/\/e-spain.eu\/es\/programa-culinario-de-verano-2020\/#respond"]}]},{"@type":"WebPage","@id":"https:\/\/e-spain.eu\/es\/programa-culinario-de-verano-2020\/","url":"https:\/\/e-spain.eu\/es\/programa-culinario-de-verano-2020\/","name":"PROGRAMA CULINARIO DE VERANO 2020 - e-spain | Culinary and pastry internships in Spain, gastronomy tours to Spain and Portugal","isPartOf":{"@id":"https:\/\/e-spain.eu\/es\/#website"},"primaryImageOfPage":{"@id":"https:\/\/e-spain.eu\/es\/programa-culinario-de-verano-2020\/#primaryimage"},"image":{"@id":"https:\/\/e-spain.eu\/es\/programa-culinario-de-verano-2020\/#primaryimage"},"thumbnailUrl":"https:\/\/e-spain.eu\/wp-content\/uploads\/2020\/02\/SUMMER-PROGRAM-2020.jpeg","datePublished":"2020-02-01T20:49:16+00:00","dateModified":"2023-05-01T17:37:53+00:00","breadcrumb":{"@id":"https:\/\/e-spain.eu\/es\/programa-culinario-de-verano-2020\/#breadcrumb"},"inLanguage":"es","potentialAction":[{"@type":"ReadAction","target":["https:\/\/e-spain.eu\/es\/programa-culinario-de-verano-2020\/"]}]},{"@type":"ImageObject","inLanguage":"es","@id":"https:\/\/e-spain.eu\/es\/programa-culinario-de-verano-2020\/#primaryimage","url":"https:\/\/e-spain.eu\/wp-content\/uploads\/2020\/02\/SUMMER-PROGRAM-2020.jpeg","contentUrl":"https:\/\/e-spain.eu\/wp-content\/uploads\/2020\/02\/SUMMER-PROGRAM-2020.jpeg","width":1280,"height":720,"caption":"summer-internship-spain"},{"@type":"BreadcrumbList","@id":"https:\/\/e-spain.eu\/es\/programa-culinario-de-verano-2020\/#breadcrumb","itemListElement":[{"@type":"ListItem","position":1,"name":"Home","item":"https:\/\/e-spain.eu\/es\/inicio\/"},{"@type":"ListItem","position":2,"name":"PROGRAMA CULINARIO DE VERANO 2020"}]},{"@type":"WebSite","@id":"https:\/\/e-spain.eu\/es\/#website","url":"https:\/\/e-spain.eu\/es\/","name":"e-Spain | Culinary and pastry internships in Spain, gastronomy tours to Spain and Portugal","description":"Culinary and pastry internships in Spain, gastronomy tours to Spain and Portugal","publisher":{"@id":"https:\/\/e-spain.eu\/es\/#organization"},"potentialAction":[{"@type":"SearchAction","target":{"@type":"EntryPoint","urlTemplate":"https:\/\/e-spain.eu\/es\/?s={search_term_string}"},"query-input":{"@type":"PropertyValueSpecification","valueRequired":true,"valueName":"search_term_string"}}],"inLanguage":"es"},{"@type":"Organization","@id":"https:\/\/e-spain.eu\/es\/#organization","name":"e-Spain","url":"https:\/\/e-spain.eu\/es\/","logo":{"@type":"ImageObject","inLanguage":"es","@id":"https:\/\/e-spain.eu\/es\/#\/schema\/logo\/image\/","url":"https:\/\/e-spain.eu\/wp-content\/uploads\/2017\/04\/e-spain_logo2x.png","contentUrl":"https:\/\/e-spain.eu\/wp-content\/uploads\/2017\/04\/e-spain_logo2x.png","width":400,"height":260,"caption":"e-Spain"},"image":{"@id":"https:\/\/e-spain.eu\/es\/#\/schema\/logo\/image\/"},"sameAs":["https:\/\/www.facebook.com\/espaineducationenjoymentexcellence","https:\/\/x.com\/SpainEnjoyment"]},{"@type":"Person","@id":"https:\/\/e-spain.eu\/es\/#\/schema\/person\/830509289ca82f62dc9b6da5710231fb","name":"Angel Moret\u00f3n","image":{"@type":"ImageObject","inLanguage":"es","@id":"https:\/\/secure.gravatar.com\/avatar\/9c0d84b9b46517f5daf62a6328b95c1a74e6c50eaf232cff65234bbec75310c5?s=96&d=mm&r=g","url":"https:\/\/secure.gravatar.com\/avatar\/9c0d84b9b46517f5daf62a6328b95c1a74e6c50eaf232cff65234bbec75310c5?s=96&d=mm&r=g","contentUrl":"https:\/\/secure.gravatar.com\/avatar\/9c0d84b9b46517f5daf62a6328b95c1a74e6c50eaf232cff65234bbec75310c5?s=96&d=mm&r=g","caption":"Angel Moret\u00f3n"},"sameAs":["https:\/\/e-spain.eu"],"url":"https:\/\/e-spain.eu\/es\/author\/editor-espain\/"}]}},"_links":{"self":[{"href":"https:\/\/e-spain.eu\/es\/wp-json\/wp\/v2\/posts\/1602","targetHints":{"allow":["GET"]}}],"collection":[{"href":"https:\/\/e-spain.eu\/es\/wp-json\/wp\/v2\/posts"}],"about":[{"href":"https:\/\/e-spain.eu\/es\/wp-json\/wp\/v2\/types\/post"}],"author":[{"embeddable":true,"href":"https:\/\/e-spain.eu\/es\/wp-json\/wp\/v2\/users\/2"}],"replies":[{"embeddable":true,"href":"https:\/\/e-spain.eu\/es\/wp-json\/wp\/v2\/comments?post=1602"}],"version-history":[{"count":1,"href":"https:\/\/e-spain.eu\/es\/wp-json\/wp\/v2\/posts\/1602\/revisions"}],"predecessor-version":[{"id":1606,"href":"https:\/\/e-spain.eu\/es\/wp-json\/wp\/v2\/posts\/1602\/revisions\/1606"}],"wp:featuredmedia":[{"embeddable":true,"href":"https:\/\/e-spain.eu\/es\/wp-json\/wp\/v2\/media\/1519"}],"wp:attachment":[{"href":"https:\/\/e-spain.eu\/es\/wp-json\/wp\/v2\/media?parent=1602"}],"wp:term":[{"taxonomy":"category","embeddable":true,"href":"https:\/\/e-spain.eu\/es\/wp-json\/wp\/v2\/categories?post=1602"},{"taxonomy":"post_tag","embeddable":true,"href":"https:\/\/e-spain.eu\/es\/wp-json\/wp\/v2\/tags?post=1602"}],"curies":[{"name":"wp","href":"https:\/\/api.w.org\/{rel}","templated":true}]}}